{"id":8258,"date":"2021-11-17T17:54:58","date_gmt":"2021-11-17T16:54:58","guid":{"rendered":"https:\/\/www.adaoncloud.com\/cl\/?p=8258"},"modified":"2021-11-17T18:33:30","modified_gmt":"2021-11-17T17:33:30","slug":"black-friday-impulsa-las-ventas-con-ada","status":"publish","type":"post","link":"https:\/\/www.adaoncloud.com\/cl\/black-friday-impulsa-las-ventas-con-ada\/","title":{"rendered":"Black Friday: impulsa las ventas con ADA"},"content":{"rendered":"<p>&nbsp;<\/p>\n<p><span style=\"font-weight: 400;\">No todo el mundo sabe que el <\/span><b>Black Friday<\/b><span style=\"font-weight: 400;\">, que se ha generalizado en Europa, tiene una larga historia.<\/span><\/p>\n<p><span style=\"font-weight: 400;\">De origen estadounidense, tiene lugar el cuarto viernes de noviembre, el viernes siguiente al D\u00eda de Acci\u00f3n de Gracias, y se remonta a unos 100 a\u00f1os atr\u00e1s, cuando la cadena de grandes almacenes Macy&#8217;s ofrec\u00eda <\/span><b>descuentos sin precedentes<\/b><span style=\"font-weight: 400;\"> para dar el pistoletazo de salida oficial a las compras navide\u00f1as.<\/span><\/p>\n<p><span style=\"font-weight: 400;\">La iniciativa, de gran \u00e9xito, fue emulada por otros minoristas hasta que finalmente explot\u00f3 en los Estados Unidos en la d\u00e9cada de los 80 y se convirti\u00f3 en un evento nacional, gan\u00e1ndose el nombre de Viernes Negro.<\/span><\/p>\n<p><span style=\"font-weight: 400;\">Un viernes negro, por el tr\u00e1fico (\u00a1smog!) provocado por las hordas de personas que buscan la oferta m\u00e1s barata, o por los recibos marcados con un + negro, indicador de la recaudaci\u00f3n y, por tanto, de las ganancias&#8230;<\/span><\/p>\n<p><span style=\"font-weight: 400;\">Hoy en d\u00eda, no hay marca o tienda que no aproveche la popularidad del evento, que ya no se limita a 24 horas, sino que se extiende a d\u00edas enteros de grandes descuentos en tienda y online. Piensa por ejemplo en las expresiones <\/span><i><span style=\"font-weight: 400;\">Cyber Monday<\/span><\/i><span style=\"font-weight: 400;\"> o <\/span><i><span style=\"font-weight: 400;\">Black Friday week<\/span><\/i><span style=\"font-weight: 400;\">.<\/span><\/p>\n<p><span style=\"font-weight: 400;\">Por lo tanto, una estrategia de marketing bien pensada y organizada es absolutamente esencial y puede marcar la diferencia en t\u00e9rminos de facturaci\u00f3n.<\/span><\/p>\n<p><span style=\"font-weight: 400;\">Es importante:<\/span><\/p>\n<ul>\n<li style=\"font-weight: 400;\" aria-level=\"1\"><b>Antic\u00edpate<\/b><span style=\"font-weight: 400;\"> a tus clientes potenciales <\/span><b>inform\u00e1ndoles<\/b><span style=\"font-weight: 400;\"> de lo que vas a ofrecer.<\/span><\/li>\n<li style=\"font-weight: 400;\" aria-level=\"1\"><b>Utiliza los descuentos<\/b><span style=\"font-weight: 400;\"> flash y el FOMO (fear of missing out).<\/span><\/li>\n<li style=\"font-weight: 400;\" aria-level=\"1\"><b>Considera los h\u00e1bitos de compra<\/b><span style=\"font-weight: 400;\"> de tus usuarios. \u00bfUn ejemplo? El dispositivo m\u00e1s utilizado para realizar una compra es el smartphone.<\/span><\/li>\n<li style=\"font-weight: 400;\" aria-level=\"1\"><b>Fomenta las compras<\/b><span style=\"font-weight: 400;\"> con env\u00edos y devoluciones gratuitas<\/span><\/li>\n<li style=\"font-weight: 400;\" aria-level=\"1\"><b>Atrae a m\u00e1s usuarios <\/b><span style=\"font-weight: 400;\">con descuentos interactivos<\/span><\/li>\n<\/ul>\n<p><span style=\"font-weight: 400;\">Pues bien, ahora s\u00f3lo tienes que <\/span><b>acceder a tu cuenta de ADA<\/b><span style=\"font-weight: 400;\"> y <\/span><b>crea tu estrategia multicanal<\/b><span style=\"font-weight: 400;\"> para el Black Friday.<\/span><\/p>\n<p><img loading=\"lazy\" class=\"aligncenter wp-image-8253 size-full\" src=\"https:\/\/www.adaoncloud.com\/cl\/wp-content\/uploads\/sites\/14\/2021\/11\/presentazione-BF-1.jpeg\" alt=\"\" width=\"720\" height=\"405\" srcset=\"https:\/\/www.adaoncloud.com\/cl\/wp-content\/uploads\/sites\/14\/2021\/11\/presentazione-BF-1.jpeg 720w, https:\/\/www.adaoncloud.com\/cl\/wp-content\/uploads\/sites\/14\/2021\/11\/presentazione-BF-1-300x169.jpeg 300w\" sizes=\"(max-width: 720px) 100vw, 720px\" \/><\/p>\n<h4><b><span style=\"vertical-align: inherit;\"><span style=\"vertical-align: inherit;\">Lead Generation<\/span><\/span><\/b><\/h4>\n<p><span style=\"font-weight: 400;\">Los d\u00edas previos al Black Friday son una gran oportunidad para conseguir clientes potenciales!.\u00a0<\/span><\/p>\n<p><span style=\"font-weight: 400;\">Ofrece un <\/span><b>c\u00f3digo de descuento para utilizar durante la semana del Black Friday<\/b><span style=\"font-weight: 400;\">, con la ayuda de un asistente virtual integrado en tu web, Telegram, messenger y\/o WhatsApp, que gu\u00ede a los visitantes hacia la conversi\u00f3n.<\/span><\/p>\n<p><span style=\"font-weight: 400;\">Cr\u00e9a <\/span><b>campa\u00f1as patrocinadas<\/b><span style=\"font-weight: 400;\"> utilizando <\/span><b>landing page con formularios<\/b><span style=\"font-weight: 400;\">. Env\u00eda autom\u00e1ticamente un c\u00f3digo de descuento por correo electr\u00f3nico tras la captaci\u00f3n de datos.<\/span><\/p>\n<p><span style=\"font-weight: 400;\">Aumenta las <\/span><b>tasas de participaci\u00f3n<\/b><span style=\"font-weight: 400;\"> enviando contenidos de gran impacto (StoryTelling) que animen a los usuarios a utilizar el c\u00f3digo de descuento antes de que caduque.<\/span><\/p>\n<p><img loading=\"lazy\" class=\"aligncenter wp-image-8252 size-full\" src=\"https:\/\/www.adaoncloud.com\/cl\/wp-content\/uploads\/sites\/14\/2021\/11\/presentazione-BF-2.png\" alt=\"\" width=\"720\" height=\"405\" srcset=\"https:\/\/www.adaoncloud.com\/cl\/wp-content\/uploads\/sites\/14\/2021\/11\/presentazione-BF-2.png 720w, https:\/\/www.adaoncloud.com\/cl\/wp-content\/uploads\/sites\/14\/2021\/11\/presentazione-BF-2-300x169.png 300w\" sizes=\"(max-width: 720px) 100vw, 720px\" \/><\/p>\n<h4><b><span style=\"vertical-align: inherit;\"><span style=\"vertical-align: inherit;\">Lead Nurturing<\/span><\/span><\/b><\/h4>\n<p><b>Premia a tus clientes<\/b><span style=\"font-weight: 400;\"> m\u00e1s fieles ofreci\u00e9ndoles descuentos exclusivos por adelantado;<\/span><\/p>\n<p><span style=\"font-weight: 400;\">Comun\u00edcate con ellos a trav\u00e9s de:<\/span><\/p>\n<ul>\n<li style=\"font-weight: 400;\" aria-level=\"1\"><span style=\"font-weight: 400;\">Campa\u00f1as de email<\/span><\/li>\n<li style=\"font-weight: 400;\" aria-level=\"1\"><span style=\"font-weight: 400;\">Campa\u00f1as de SMS<\/span><\/li>\n<li style=\"font-weight: 400;\" aria-level=\"1\"><span style=\"font-weight: 400;\">Notificaciones push<\/span><\/li>\n<\/ul>\n<p><b>No te dejes sorprender.<\/b><\/p>\n<p><b>Observa el v\u00eddeo para saber m\u00e1s sobre nuestros consejos y&#8230;<\/b><\/p>\n<p><iframe title=\"YouTube video player\" src=\"https:\/\/www.youtube.com\/embed\/7To5ZrwcEYA\" width=\"560\" height=\"315\" frameborder=\"0\" allowfullscreen=\"allowfullscreen\"><\/iframe><\/p>\n<p><b>\u00a1BUENA SUERTE!<\/b><\/p>\n","protected":false},"excerpt":{"rendered":"<p>&nbsp; No todo el mundo sabe que el Black Friday, que se ha generalizado en Europa, tiene una larga historia. De origen estadounidense, tiene lugar el cuarto viernes de noviembre, el viernes siguiente al D\u00eda de Acci\u00f3n de Gracias, y se remonta a unos 100 a\u00f1os atr\u00e1s, cuando la cadena de grandes almacenes Macy&#8217;s ofrec\u00eda [&hellip;]<\/p>\n","protected":false},"author":1,"featured_media":8264,"comment_status":"open","ping_status":"open","sticky":false,"template":"","format":"standard","meta":{"om_disable_all_campaigns":false},"categories":[229,230,310],"tags":[453,454],"_links":{"self":[{"href":"https:\/\/www.adaoncloud.com\/cl\/wp-json\/wp\/v2\/posts\/8258"}],"collection":[{"href":"https:\/\/www.adaoncloud.com\/cl\/wp-json\/wp\/v2\/posts"}],"about":[{"href":"https:\/\/www.adaoncloud.com\/cl\/wp-json\/wp\/v2\/types\/post"}],"author":[{"embeddable":true,"href":"https:\/\/www.adaoncloud.com\/cl\/wp-json\/wp\/v2\/users\/1"}],"replies":[{"embeddable":true,"href":"https:\/\/www.adaoncloud.com\/cl\/wp-json\/wp\/v2\/comments?post=8258"}],"version-history":[{"count":3,"href":"https:\/\/www.adaoncloud.com\/cl\/wp-json\/wp\/v2\/posts\/8258\/revisions"}],"predecessor-version":[{"id":8267,"href":"https:\/\/www.adaoncloud.com\/cl\/wp-json\/wp\/v2\/posts\/8258\/revisions\/8267"}],"wp:featuredmedia":[{"embeddable":true,"href":"https:\/\/www.adaoncloud.com\/cl\/wp-json\/wp\/v2\/media\/8264"}],"wp:attachment":[{"href":"https:\/\/www.adaoncloud.com\/cl\/wp-json\/wp\/v2\/media?parent=8258"}],"wp:term":[{"taxonomy":"category","embeddable":true,"href":"https:\/\/www.adaoncloud.com\/cl\/wp-json\/wp\/v2\/categories?post=8258"},{"taxonomy":"post_tag","embeddable":true,"href":"https:\/\/www.adaoncloud.com\/cl\/wp-json\/wp\/v2\/tags?post=8258"}],"curies":[{"name":"wp","href":"https:\/\/api.w.org\/{rel}","templated":true}]}}